{"id":2073,"date":"2026-03-15T16:36:43","date_gmt":"2026-03-15T16:36:43","guid":{"rendered":"https:\/\/www.cemmle.cl\/1984\/?p=2073"},"modified":"2026-03-15T16:57:49","modified_gmt":"2026-03-15T16:57:49","slug":"informacion-contingencia-lunes-16-de-marzo","status":"publish","type":"post","link":"https:\/\/www.cemmle.cl\/1984\/index.php\/2026\/03\/15\/informacion-contingencia-lunes-16-de-marzo\/","title":{"rendered":"INFORMACI\u00d3N CONTINGENCIA LUNES 16 DE MARZO"},"content":{"rendered":"\n<figure class=\"wp-block-image size-large\"><img loading=\"lazy\" decoding=\"async\" width=\"1024\" height=\"525\" src=\"https:\/\/www.cemmle.cl\/1984\/wp-content\/uploads\/2025\/11\/INFORMATIVO-1024x525.jpg\" alt=\"\" class=\"wp-image-1923\" srcset=\"https:\/\/www.cemmle.cl\/1984\/wp-content\/uploads\/2025\/11\/INFORMATIVO-1024x525.jpg 1024w, https:\/\/www.cemmle.cl\/1984\/wp-content\/uploads\/2025\/11\/INFORMATIVO-300x154.jpg 300w, https:\/\/www.cemmle.cl\/1984\/wp-content\/uploads\/2025\/11\/INFORMATIVO-768x394.jpg 768w, https:\/\/www.cemmle.cl\/1984\/wp-content\/uploads\/2025\/11\/INFORMATIVO-1536x787.jpg 1536w, https:\/\/www.cemmle.cl\/1984\/wp-content\/uploads\/2025\/11\/INFORMATIVO-1170x600.jpg 1170w, https:\/\/www.cemmle.cl\/1984\/wp-content\/uploads\/2025\/11\/INFORMATIVO.jpg 1920w\" sizes=\"auto, (max-width: 1024px) 100vw, 1024px\" \/><\/figure>\n\n\n\n<p><\/p>\n\n\n\n<p class=\"has-medium-font-size\">Estimados Padres y apoderados, muy buenas tardes, junto con saludarlos y atendiendo a la preocupaci\u00f3n por la lluvia pronosticada, es que queremos pedirles que\u00a0<strong>est\u00e9n atentos<\/strong>, ya que, en la eventualidad de que sea muy intensa, adelantaremos el t\u00e9rmino de la jornada de la siguiente manera:<\/p>\n\n\n\n<ul class=\"wp-block-list has-kb-palette-0-color has-text-color has-link-color has-medium-font-size wp-elements-5e94251548d8d28a14292f2741a830fd\">\n<li>Salida Preb\u00e1sica: 12:15 hrs.<\/li>\n<\/ul>\n\n\n\n<ul class=\"wp-block-list has-kb-palette-0-color has-text-color has-link-color has-medium-font-size wp-elements-0627c166935a021ce5893c0602c81c62\">\n<li>Salida B\u00e1sica (1\u00b0 a 6\u00b0): 12:30 hrs.<\/li>\n<\/ul>\n\n\n\n<ul class=\"wp-block-list has-kb-palette-0-color has-text-color has-link-color has-medium-font-size wp-elements-b68df15a3cc82acef97bb2a43d316167\">\n<li>Saluda Ens. Media (7\u00b0 a 4\u00b0 medio): 12:45 hrs.<\/li>\n<\/ul>\n\n\n\n<p class=\"has-medium-font-size\">Esto lo llevaremos a cabo, a menos que a nivel de Comuna las autoridades entreguen otra informaci\u00f3n.<\/p>\n\n\n\n<p class=\"has-medium-font-size\">En el caso de que est\u00e9 lloviendo a la hora de entrada al colegio, se permitir\u00e1 que los padres o apoderados de pre k\u00ednder a 2\u00b0 b\u00e1sico, ingresen a dejarlos.<\/p>\n\n\n\n<p class=\"has-medium-font-size\">En cuanto a las reuniones de ma\u00f1ana, tambi\u00e9n les pedimos estar atentos, ya que, se evaluar\u00e1 la situaci\u00f3n durante el d\u00eda y se suspender\u00e1n en caso de ser necesario.<\/p>\n\n\n\n<p class=\"has-medium-font-size\">Para quienes no puedan retirar a sus hijos en los horarios antes indicados, les informamos que el colegio seguir\u00e1 abierto hasta las 14:30 hrs.<\/p>\n\n\n\n<p><\/p>\n\n\n\n<p class=\"has-medium-font-size\">Les saluda fraternalmente,<\/p>\n\n\n\n<p><\/p>\n\n\n\n<p class=\"has-medium-font-size\">Equipo Directivo.<\/p>\n\n\n\n<p><\/p>\n","protected":false},"excerpt":{"rendered":"<p>Estimados Padres y apoderados, muy buenas tardes, junto con saludarlos y atendiendo a la preocupaci\u00f3n por la lluvia pronosticada, es que queremos pedirles que\u00a0est\u00e9n atentos, ya que, en la eventualidad de que sea muy intensa, adelantaremos el t\u00e9rmino de la jornada de la siguiente manera: Esto lo llevaremos a cabo, a menos que a nivel [&hellip;]<\/p>\n","protected":false},"author":1,"featured_media":1919,"comment_status":"open","ping_status":"closed","sticky":true,"template":"","format":"standard","meta":{"_themeisle_gutenberg_block_has_review":false,"footnotes":""},"categories":[3],"tags":[],"class_list":["post-2073","post","type-post","status-publish","format-standard","has-post-thumbnail","hentry","category-colegio"],"_links":{"self":[{"href":"https:\/\/www.cemmle.cl\/1984\/index.php\/wp-json\/wp\/v2\/posts\/2073","targetHints":{"allow":["GET"]}}],"collection":[{"href":"https:\/\/www.cemmle.cl\/1984\/index.php\/wp-json\/wp\/v2\/posts"}],"about":[{"href":"https:\/\/www.cemmle.cl\/1984\/index.php\/wp-json\/wp\/v2\/types\/post"}],"author":[{"embeddable":true,"href":"https:\/\/www.cemmle.cl\/1984\/index.php\/wp-json\/wp\/v2\/users\/1"}],"replies":[{"embeddable":true,"href":"https:\/\/www.cemmle.cl\/1984\/index.php\/wp-json\/wp\/v2\/comments?post=2073"}],"version-history":[{"count":2,"href":"https:\/\/www.cemmle.cl\/1984\/index.php\/wp-json\/wp\/v2\/posts\/2073\/revisions"}],"predecessor-version":[{"id":2075,"href":"https:\/\/www.cemmle.cl\/1984\/index.php\/wp-json\/wp\/v2\/posts\/2073\/revisions\/2075"}],"wp:featuredmedia":[{"embeddable":true,"href":"https:\/\/www.cemmle.cl\/1984\/index.php\/wp-json\/wp\/v2\/media\/1919"}],"wp:attachment":[{"href":"https:\/\/www.cemmle.cl\/1984\/index.php\/wp-json\/wp\/v2\/media?parent=2073"}],"wp:term":[{"taxonomy":"category","embeddable":true,"href":"https:\/\/www.cemmle.cl\/1984\/index.php\/wp-json\/wp\/v2\/categories?post=2073"},{"taxonomy":"post_tag","embeddable":true,"href":"https:\/\/www.cemmle.cl\/1984\/index.php\/wp-json\/wp\/v2\/tags?post=2073"}],"curies":[{"name":"wp","href":"https:\/\/api.w.org\/{rel}","templated":true}]}}