{"id":2329,"date":"2026-04-28T10:29:38","date_gmt":"2026-04-28T14:29:38","guid":{"rendered":"https:\/\/www.cemmle.cl\/1984\/?p=2329"},"modified":"2026-04-28T10:29:40","modified_gmt":"2026-04-28T14:29:40","slug":"dia-del-carabinero-27-de-abril","status":"publish","type":"post","link":"https:\/\/www.cemmle.cl\/1984\/index.php\/2026\/04\/28\/dia-del-carabinero-27-de-abril\/","title":{"rendered":"D\u00cdA DEL CARABINERO 27 DE ABRIL"},"content":{"rendered":"\n<figure class=\"wp-block-gallery has-nested-images columns-default is-cropped wp-block-gallery-1 is-layout-flex wp-block-gallery-is-layout-flex\">\n<figure class=\"wp-block-image size-large\"><img loading=\"lazy\" decoding=\"async\" width=\"768\" height=\"1024\" data-id=\"2331\" src=\"https:\/\/www.cemmle.cl\/1984\/wp-content\/uploads\/2026\/04\/1000189403-768x1024.jpg\" alt=\"\" class=\"wp-image-2331\" srcset=\"https:\/\/www.cemmle.cl\/1984\/wp-content\/uploads\/2026\/04\/1000189403-768x1024.jpg 768w, https:\/\/www.cemmle.cl\/1984\/wp-content\/uploads\/2026\/04\/1000189403-225x300.jpg 225w, https:\/\/www.cemmle.cl\/1984\/wp-content\/uploads\/2026\/04\/1000189403-1152x1536.jpg 1152w, https:\/\/www.cemmle.cl\/1984\/wp-content\/uploads\/2026\/04\/1000189403.jpg 1200w\" sizes=\"auto, (max-width: 768px) 100vw, 768px\" \/><\/figure>\n\n\n\n<figure class=\"wp-block-image size-large\"><img loading=\"lazy\" decoding=\"async\" width=\"768\" height=\"1024\" data-id=\"2332\" src=\"https:\/\/www.cemmle.cl\/1984\/wp-content\/uploads\/2026\/04\/1000189400-1-768x1024.jpg\" alt=\"\" class=\"wp-image-2332\" srcset=\"https:\/\/www.cemmle.cl\/1984\/wp-content\/uploads\/2026\/04\/1000189400-1-768x1024.jpg 768w, https:\/\/www.cemmle.cl\/1984\/wp-content\/uploads\/2026\/04\/1000189400-1-225x300.jpg 225w, https:\/\/www.cemmle.cl\/1984\/wp-content\/uploads\/2026\/04\/1000189400-1-1152x1536.jpg 1152w, https:\/\/www.cemmle.cl\/1984\/wp-content\/uploads\/2026\/04\/1000189400-1.jpg 1200w\" sizes=\"auto, (max-width: 768px) 100vw, 768px\" \/><\/figure>\n\n\n\n<figure class=\"wp-block-image size-large\"><img loading=\"lazy\" decoding=\"async\" width=\"768\" height=\"1024\" data-id=\"2333\" src=\"https:\/\/www.cemmle.cl\/1984\/wp-content\/uploads\/2026\/04\/1000189401-768x1024.jpg\" alt=\"\" class=\"wp-image-2333\" srcset=\"https:\/\/www.cemmle.cl\/1984\/wp-content\/uploads\/2026\/04\/1000189401-768x1024.jpg 768w, https:\/\/www.cemmle.cl\/1984\/wp-content\/uploads\/2026\/04\/1000189401-225x300.jpg 225w, https:\/\/www.cemmle.cl\/1984\/wp-content\/uploads\/2026\/04\/1000189401-1152x1536.jpg 1152w, https:\/\/www.cemmle.cl\/1984\/wp-content\/uploads\/2026\/04\/1000189401.jpg 1200w\" sizes=\"auto, (max-width: 768px) 100vw, 768px\" \/><\/figure>\n\n\n\n<figure class=\"wp-block-image size-large\"><img loading=\"lazy\" decoding=\"async\" width=\"768\" height=\"1024\" data-id=\"2334\" src=\"https:\/\/www.cemmle.cl\/1984\/wp-content\/uploads\/2026\/04\/1000189406-768x1024.jpg\" alt=\"\" class=\"wp-image-2334\" srcset=\"https:\/\/www.cemmle.cl\/1984\/wp-content\/uploads\/2026\/04\/1000189406-768x1024.jpg 768w, https:\/\/www.cemmle.cl\/1984\/wp-content\/uploads\/2026\/04\/1000189406-225x300.jpg 225w, https:\/\/www.cemmle.cl\/1984\/wp-content\/uploads\/2026\/04\/1000189406-1152x1536.jpg 1152w, https:\/\/www.cemmle.cl\/1984\/wp-content\/uploads\/2026\/04\/1000189406.jpg 1200w\" sizes=\"auto, (max-width: 768px) 100vw, 768px\" \/><\/figure>\n\n\n\n<figure class=\"wp-block-image size-large\"><img loading=\"lazy\" decoding=\"async\" width=\"768\" height=\"1024\" data-id=\"2335\" src=\"https:\/\/www.cemmle.cl\/1984\/wp-content\/uploads\/2026\/04\/1000189407-768x1024.jpg\" alt=\"\" class=\"wp-image-2335\" srcset=\"https:\/\/www.cemmle.cl\/1984\/wp-content\/uploads\/2026\/04\/1000189407-768x1024.jpg 768w, https:\/\/www.cemmle.cl\/1984\/wp-content\/uploads\/2026\/04\/1000189407-225x300.jpg 225w, https:\/\/www.cemmle.cl\/1984\/wp-content\/uploads\/2026\/04\/1000189407-1152x1536.jpg 1152w, https:\/\/www.cemmle.cl\/1984\/wp-content\/uploads\/2026\/04\/1000189407.jpg 1200w\" sizes=\"auto, (max-width: 768px) 100vw, 768px\" \/><\/figure>\n<\/figure>\n\n\n\n<p class=\"has-medium-font-size\">Estimados Padres y\/o Apoderados:<\/p>\n\n\n\n<p class=\"has-medium-font-size\">Junto con saludar y esperando se encuentren bien, en el marco de la conmemoraci\u00f3n del D\u00eda de Carabineros, queremos hacerles llegar un afectuoso y sincero saludo, especialmente a quienes forman parte de Carabineros de Chile.<\/p>\n\n\n\n<p class=\"has-medium-font-size\">Como comunidad educativa, reconocemos y valoramos profundamente la labor que desempe\u00f1an d\u00eda a d\u00eda, marcada por el compromiso, la vocaci\u00f3n de servicio y la dedicaci\u00f3n al resguardo de la seguridad y el bienestar de nuestro pa\u00eds.<\/p>\n\n\n\n<p class=\"has-medium-font-size\">Agradecemos tambi\u00e9n el esfuerzo que implica compatibilizar su importante labor con la formaci\u00f3n y acompa\u00f1amiento de sus hijos e hijas, quienes son parte fundamental de nuestra comunidad escolar.<\/p>\n\n\n\n<p class=\"has-medium-font-size\">Reciban nuestro reconocimiento y gratitud en este d\u00eda especial.<\/p>\n\n\n\n<p><\/p>\n\n\n\n<p class=\"has-medium-font-size\">Se despide fraternalmente,&nbsp;<\/p>\n\n\n\n<p class=\"has-medium-font-size\"><\/p>\n\n\n\n<p class=\"has-medium-font-size\">Marisol Mel\u00e9ndez B. &#8211; Directora<\/p>\n\n\n\n<p><\/p>\n","protected":false},"excerpt":{"rendered":"<p>Estimados Padres y\/o Apoderados: Junto con saludar y esperando se encuentren bien, en el marco de la conmemoraci\u00f3n del D\u00eda de Carabineros, queremos hacerles llegar un afectuoso y sincero saludo, especialmente a quienes forman parte de Carabineros de Chile. Como comunidad educativa, reconocemos y valoramos profundamente la labor que desempe\u00f1an d\u00eda a d\u00eda, marcada por [&hellip;]<\/p>\n","protected":false},"author":1,"featured_media":2333,"comment_status":"open","ping_status":"closed","sticky":true,"template":"","format":"standard","meta":{"_themeisle_gutenberg_block_has_review":false,"footnotes":""},"categories":[3],"tags":[],"class_list":["post-2329","post","type-post","status-publish","format-standard","has-post-thumbnail","hentry","category-colegio"],"_links":{"self":[{"href":"https:\/\/www.cemmle.cl\/1984\/index.php\/wp-json\/wp\/v2\/posts\/2329","targetHints":{"allow":["GET"]}}],"collection":[{"href":"https:\/\/www.cemmle.cl\/1984\/index.php\/wp-json\/wp\/v2\/posts"}],"about":[{"href":"https:\/\/www.cemmle.cl\/1984\/index.php\/wp-json\/wp\/v2\/types\/post"}],"author":[{"embeddable":true,"href":"https:\/\/www.cemmle.cl\/1984\/index.php\/wp-json\/wp\/v2\/users\/1"}],"replies":[{"embeddable":true,"href":"https:\/\/www.cemmle.cl\/1984\/index.php\/wp-json\/wp\/v2\/comments?post=2329"}],"version-history":[{"count":1,"href":"https:\/\/www.cemmle.cl\/1984\/index.php\/wp-json\/wp\/v2\/posts\/2329\/revisions"}],"predecessor-version":[{"id":2336,"href":"https:\/\/www.cemmle.cl\/1984\/index.php\/wp-json\/wp\/v2\/posts\/2329\/revisions\/2336"}],"wp:featuredmedia":[{"embeddable":true,"href":"https:\/\/www.cemmle.cl\/1984\/index.php\/wp-json\/wp\/v2\/media\/2333"}],"wp:attachment":[{"href":"https:\/\/www.cemmle.cl\/1984\/index.php\/wp-json\/wp\/v2\/media?parent=2329"}],"wp:term":[{"taxonomy":"category","embeddable":true,"href":"https:\/\/www.cemmle.cl\/1984\/index.php\/wp-json\/wp\/v2\/categories?post=2329"},{"taxonomy":"post_tag","embeddable":true,"href":"https:\/\/www.cemmle.cl\/1984\/index.php\/wp-json\/wp\/v2\/tags?post=2329"}],"curies":[{"name":"wp","href":"https:\/\/api.w.org\/{rel}","templated":true}]}}