{"id":2603,"date":"2026-08-27T19:57:22","date_gmt":"2026-08-27T23:57:22","guid":{"rendered":"https:\/\/www.cemmle.cl\/1984\/?p=2603"},"modified":"2026-08-27T19:57:24","modified_gmt":"2026-08-27T23:57:24","slug":"jeans-day-viernes-28-de-agosto","status":"publish","type":"post","link":"https:\/\/www.cemmle.cl\/1984\/index.php\/2026\/08\/27\/jeans-day-viernes-28-de-agosto\/","title":{"rendered":"JEANS DAY VIERNES 28 DE AGOSTO"},"content":{"rendered":"\n<figure class=\"wp-block-image size-large\"><img loading=\"lazy\" decoding=\"async\" width=\"576\" height=\"1024\" src=\"https:\/\/www.cemmle.cl\/1984\/wp-content\/uploads\/2026\/08\/JEANSDAY-576x1024.jpg\" alt=\"\" class=\"wp-image-2604\" srcset=\"https:\/\/www.cemmle.cl\/1984\/wp-content\/uploads\/2026\/08\/JEANSDAY-576x1024.jpg 576w, https:\/\/www.cemmle.cl\/1984\/wp-content\/uploads\/2026\/08\/JEANSDAY-169x300.jpg 169w, https:\/\/www.cemmle.cl\/1984\/wp-content\/uploads\/2026\/08\/JEANSDAY-768x1365.jpg 768w, https:\/\/www.cemmle.cl\/1984\/wp-content\/uploads\/2026\/08\/JEANSDAY-864x1536.jpg 864w, https:\/\/www.cemmle.cl\/1984\/wp-content\/uploads\/2026\/08\/JEANSDAY.jpg 1080w\" sizes=\"auto, (max-width: 576px) 100vw, 576px\" \/><\/figure>\n\n\n\n<p class=\"wp-block-paragraph\">Estimados Padres, Madres y Apoderados:<\/p>\n\n\n\n<p class=\"wp-block-paragraph\">Junto con saludarles cordialmente y esperando que se encuentren bien, les recordamos que este viernes&nbsp; 28 de agosto, se realizar\u00e1 un&nbsp;<strong>Jeans&nbsp;Day a beneficio de dos familias de nuestra comunidad que necesitan colaboraci\u00f3n<\/strong>.<\/p>\n\n\n\n<p class=\"wp-block-paragraph\">En este contexto, invitamos a todos a participar de esta iniciativa, demostrando&nbsp;<strong>empat\u00eda, solidaridad y compromiso con quienes hoy necesitan de nuestro apoyo<\/strong>, realizando un aporte m\u00ednimo de&nbsp;<strong>$1.000<\/strong>.<\/p>\n\n\n\n<p class=\"wp-block-paragraph\">Extendemos esta invitaci\u00f3n a toda la comunidad educativa, incluyendo a los funcionarios del establecimiento. Asimismo, aquellos apoderados que deseen realizar un aporte mayor de manera individual podr\u00e1n acercarse ese d\u00eda a&nbsp;<strong>Secretar\u00eda<\/strong>&nbsp;para entregarlo.<\/p>\n\n\n\n<p class=\"wp-block-paragraph\">Por otra parte, queremos recordar que, de acuerdo con nuestro&nbsp;<strong>Reglamento Interno de Convivencia Escolar<\/strong>, espec\u00edficamente en el apartado de&nbsp;<strong>Presentaci\u00f3n Personal, letra M, p\u00e1gina 40<\/strong>, se establece lo siguiente:<\/p>\n\n\n\n<blockquote class=\"wp-block-quote is-layout-flow wp-block-quote-is-layout-flow\">\n<p class=\"wp-block-paragraph\">\u201cEn caso de que el colegio autorice un&nbsp;Jeans&nbsp;Day o ropa de color, la vestimenta debe ser acorde al contexto escolar; por lo tanto, no se permiten petos, shorts, pantalones rasgados ni minifaldas\u201d.<\/p>\n<\/blockquote>\n\n\n\n<p class=\"wp-block-paragraph\">Es importante recordar que somos una comunidad educativa que convive diariamente con estudiantes desde Preb\u00e1sica hasta 4\u00b0 Medio, por lo que, aun en actividades especiales como esta, debemos procurar una vestimenta adecuada, respetuosa, recatada y acorde al contexto escolar.<\/p>\n\n\n\n<p class=\"wp-block-paragraph\">Agradecemos desde ya su colaboraci\u00f3n, disposici\u00f3n y compromiso.<\/p>\n\n\n\n<p class=\"wp-block-paragraph\">Saludos cordiales,<\/p>\n\n\n\n<p class=\"wp-block-paragraph\">Colegio Monse\u00f1or Manuel Larra\u00edn E.<\/p>\n","protected":false},"excerpt":{"rendered":"<p>Estimados Padres, Madres y Apoderados: Junto con saludarles cordialmente y esperando que se encuentren bien, les recordamos que este viernes&nbsp; 28 de agosto, se realizar\u00e1 un&nbsp;Jeans&nbsp;Day a beneficio de dos familias de nuestra comunidad que necesitan colaboraci\u00f3n. En este contexto, invitamos a todos a participar de esta iniciativa, demostrando&nbsp;empat\u00eda, solidaridad y compromiso con quienes hoy [&hellip;]<\/p>\n","protected":false},"author":1,"featured_media":2604,"comment_status":"open","ping_status":"closed","sticky":true,"template":"","format":"standard","meta":{"_themeisle_gutenberg_block_has_review":false,"footnotes":""},"categories":[3],"tags":[],"class_list":["post-2603","post","type-post","status-publish","format-standard","has-post-thumbnail","hentry","category-colegio"],"_links":{"self":[{"href":"https:\/\/www.cemmle.cl\/1984\/index.php\/wp-json\/wp\/v2\/posts\/2603","targetHints":{"allow":["GET"]}}],"collection":[{"href":"https:\/\/www.cemmle.cl\/1984\/index.php\/wp-json\/wp\/v2\/posts"}],"about":[{"href":"https:\/\/www.cemmle.cl\/1984\/index.php\/wp-json\/wp\/v2\/types\/post"}],"author":[{"embeddable":true,"href":"https:\/\/www.cemmle.cl\/1984\/index.php\/wp-json\/wp\/v2\/users\/1"}],"replies":[{"embeddable":true,"href":"https:\/\/www.cemmle.cl\/1984\/index.php\/wp-json\/wp\/v2\/comments?post=2603"}],"version-history":[{"count":1,"href":"https:\/\/www.cemmle.cl\/1984\/index.php\/wp-json\/wp\/v2\/posts\/2603\/revisions"}],"predecessor-version":[{"id":2605,"href":"https:\/\/www.cemmle.cl\/1984\/index.php\/wp-json\/wp\/v2\/posts\/2603\/revisions\/2605"}],"wp:featuredmedia":[{"embeddable":true,"href":"https:\/\/www.cemmle.cl\/1984\/index.php\/wp-json\/wp\/v2\/media\/2604"}],"wp:attachment":[{"href":"https:\/\/www.cemmle.cl\/1984\/index.php\/wp-json\/wp\/v2\/media?parent=2603"}],"wp:term":[{"taxonomy":"category","embeddable":true,"href":"https:\/\/www.cemmle.cl\/1984\/index.php\/wp-json\/wp\/v2\/categories?post=2603"},{"taxonomy":"post_tag","embeddable":true,"href":"https:\/\/www.cemmle.cl\/1984\/index.php\/wp-json\/wp\/v2\/tags?post=2603"}],"curies":[{"name":"wp","href":"https:\/\/api.w.org\/{rel}","templated":true}]}}